{"id":12352,"date":"2022-12-06T12:53:14","date_gmt":"2022-12-06T11:53:14","guid":{"rendered":"https:\/\/www.consultingcheck.com\/?p=12352"},"modified":"2022-12-06T13:05:23","modified_gmt":"2022-12-06T12:05:23","slug":"suffizienz-als-mittel-zur-resilienz","status":"publish","type":"post","link":"https:\/\/www.consultingcheck.com\/de\/suffizienz-als-mittel-zur-resilienz\/","title":{"rendered":"Suffizienz als Mittel zur Resilienz?"},"content":{"rendered":"\n<p>Nach den Corona-Wirren, die bislang unvorstellbare Lieferkettenengp\u00e4sse und massive Preissteigerungen f\u00fcr Vormaterialien mit sich brachten, versch\u00e4rfen nun eine unerwartete Energieverknappung und -verteuerung und eine sich abzeichnende Zur\u00fcckhaltung der Investitions- und Konsumneigung die wirtschaftliche Lage von Unternehmen und Haushalten &#8211; als wenn die angespannte Situation auf dem Arbeitsmarkt nicht schon belastend genug w\u00e4re.<\/p>\n\n\n\n<p>Das Bewusstsein f\u00fcr \u201eResilienz\u201c ist mittlerweile sowohl bei F\u00fchrungskr\u00e4ften als auch in der breiten Bev\u00f6lkerung angekommen. Aber darauf vorbereitet sind die wenigsten. Zu fremd ist die Vorstellung, nicht alles bei Fingerschnipp zu erhalten, zu ungewohnt die Vorstellung, st\u00e4rker bevorraten zu m\u00fcssen. Noch immer ist unsere gesamte Gesellschaft darauf ausgerichtet, mit mehr Aufwand grunds\u00e4tzlich dieselbe oder eine h\u00f6here Leistung zu liefern. Machen wir uns das Leben unn\u00f6tig schwer?<\/p>\n\n\n\n<p>Vielleicht kann der Begriff der \u201eSuffizienz\u201c hilfreich sein. Was brauchen wir wirklich? Worauf k\u00f6nnen wir durchaus verzichten? Verzicht wirkt nicht nur den angespannten Marktbedingungen entgegen, sondern verursacht auch weniger Ressourcenverbrauch. Nat\u00fcrlich reduziert sich die Wirtschaftsleistung \u2013 bislang eine Schreckensvorstellung. Aber ist der Gewinn an Lebensqualit\u00e4t, an Zeit f\u00fcreinander und an einem Beitrag f\u00fcr den Umweltschutz nicht eine \u00dcberlegung wert?<\/p>\n\n\n\n<p>Wie das gehen soll? Lesen Sie gern \u00fcber <a href=\"https:\/\/www.consultingcheck.com\/de\/topics\/nachhaltig-wirtschaften\/270\/\">nachhaltiges Wirtschaften<\/a>, \u00fcber <a href=\"https:\/\/www.consultingcheck.com\/de\/topics\/wo-liegen-die-grenzen-des-wachstums\/271\/\">Grenzen des Wachstums<\/a>, <a href=\"https:\/\/www.consultingcheck.com\/de\/topics\/welche-folgen-hat-das-wirtschaftswachstum\/272\/\">Folgen des Wirtschaftswachstums<\/a>, <a href=\"https:\/\/www.consultingcheck.com\/de\/topics\/rueckstellungen-fuer-ausgleichsmassnahmen\/273\/\">die Notwendigkeit, R\u00fcckstellungen f\u00fcr Ausgleichsma\u00dfnahmen zu bilden<\/a> und <a href=\"https:\/\/www.consultingcheck.com\/de\/topics\/so-setzen-sie-nachhaltiges-wirtschaften-um\/276\/\">M\u00f6glichkeiten, nachhaltiges Wirtschaften umzusetzen<\/a>.<\/p>\n\n\n\n<p>Ich w\u00fcnsche eine besinnliche Weihnachtszeit und einen guten Start in ein besseres Neues Jahr!<\/p>\n\n\n\n<p>Dr. Werner Boysen<\/p>\n","protected":false},"excerpt":{"rendered":"<p>Nach den Corona-Wirren, die bislang unvorstellbare Lieferkettenengp\u00e4sse und massive Preissteigerungen f\u00fcr Vormaterialien mit sich brachten, versch\u00e4rfen nun eine unerwartete Energieverknappung und -verteuerung und eine sich abzeichnende Zur\u00fcckhaltung der Investitions- und Konsumneigung die wirtschaftliche Lage von Unternehmen und Haushalten &#8211; als wenn die angespannte Situation auf dem Arbeitsmarkt nicht schon belastend genug w\u00e4re. Das Bewusstsein f\u00fcr <a href=\"https:\/\/www.consultingcheck.com\/de\/suffizienz-als-mittel-zur-resilienz\/\" class=\"more-link\">&#8230;<\/a><\/p>\n","protected":false},"author":2,"featured_media":12354,"comment_status":"closed","ping_status":"closed","sticky":true,"template":"","format":"standard","meta":{"footnotes":"","_links_to":"","_links_to_target":""},"categories":[610,1],"tags":[],"class_list":["post-12352","post","type-post","status-publish","format-standard","has-post-thumbnail","hentry","category-startseite","category-unkategorisiert"],"yoast_head":"<!-- This site is optimized with the Yoast SEO plugin v27.4 - https:\/\/yoast.com\/product\/yoast-seo-wordpress\/ -->\n<title>Suffizienz als Mittel zur Resilienz? - consultingcheck<\/title>\n<meta name=\"robots\" content=\"index, follow, max-snippet:-1, max-image-preview:large, max-video-preview:-1\" \/>\n<link rel=\"canonical\" href=\"https:\/\/www.consultingcheck.com\/de\/suffizienz-als-mittel-zur-resilienz\/\" \/>\n<meta property=\"og:locale\" content=\"de_DE\" \/>\n<meta property=\"og:type\" content=\"article\" \/>\n<meta property=\"og:title\" content=\"Suffizienz als Mittel zur Resilienz? - consultingcheck\" \/>\n<meta property=\"og:description\" content=\"Nach den Corona-Wirren, die bislang unvorstellbare Lieferkettenengp\u00e4sse und massive Preissteigerungen f\u00fcr Vormaterialien mit sich brachten, versch\u00e4rfen nun eine unerwartete Energieverknappung und -verteuerung und eine sich abzeichnende Zur\u00fcckhaltung der Investitions- und Konsumneigung die wirtschaftliche Lage von Unternehmen und Haushalten &#8211; als wenn die angespannte Situation auf dem Arbeitsmarkt nicht schon belastend genug w\u00e4re. Das Bewusstsein f\u00fcr ...\" \/>\n<meta property=\"og:url\" content=\"https:\/\/www.consultingcheck.com\/de\/suffizienz-als-mittel-zur-resilienz\/\" \/>\n<meta property=\"og:site_name\" content=\"consultingcheck\" \/>\n<meta property=\"article:published_time\" content=\"2022-12-06T11:53:14+00:00\" \/>\n<meta property=\"article:modified_time\" content=\"2022-12-06T12:05:23+00:00\" \/>\n<meta property=\"og:image\" content=\"https:\/\/www.consultingcheck.com\/wp-content\/uploads\/2022\/12\/AdobeStock_250882224-scaled.jpeg\" \/>\n\t<meta property=\"og:image:width\" content=\"2560\" \/>\n\t<meta property=\"og:image:height\" content=\"1707\" \/>\n\t<meta property=\"og:image:type\" content=\"image\/jpeg\" \/>\n<meta name=\"author\" content=\"Werner Boysen\" \/>\n<meta name=\"twitter:card\" content=\"summary_large_image\" \/>\n<meta name=\"twitter:label1\" content=\"Geschrieben von\" \/>\n\t<meta name=\"twitter:data1\" content=\"Werner Boysen\" \/>\n\t<meta name=\"twitter:label2\" content=\"Gesch\u00e4tzte Lesezeit\" \/>\n\t<meta name=\"twitter:data2\" content=\"2\u00a0Minuten\" \/>\n<script type=\"application\/ld+json\" class=\"yoast-schema-graph\">{\"@context\":\"https:\\\/\\\/schema.org\",\"@graph\":[{\"@type\":\"Article\",\"@id\":\"https:\\\/\\\/www.consultingcheck.com\\\/de\\\/suffizienz-als-mittel-zur-resilienz\\\/#article\",\"isPartOf\":{\"@id\":\"https:\\\/\\\/www.consultingcheck.com\\\/de\\\/suffizienz-als-mittel-zur-resilienz\\\/\"},\"author\":{\"name\":\"Werner Boysen\",\"@id\":\"https:\\\/\\\/www.consultingcheck.com\\\/de\\\/#\\\/schema\\\/person\\\/c36cd4c9eb006697f7bf6df21b5167e7\"},\"headline\":\"Suffizienz als Mittel zur Resilienz?\",\"datePublished\":\"2022-12-06T11:53:14+00:00\",\"dateModified\":\"2022-12-06T12:05:23+00:00\",\"mainEntityOfPage\":{\"@id\":\"https:\\\/\\\/www.consultingcheck.com\\\/de\\\/suffizienz-als-mittel-zur-resilienz\\\/\"},\"wordCount\":252,\"image\":{\"@id\":\"https:\\\/\\\/www.consultingcheck.com\\\/de\\\/suffizienz-als-mittel-zur-resilienz\\\/#primaryimage\"},\"thumbnailUrl\":\"https:\\\/\\\/www.consultingcheck.com\\\/wp-content\\\/uploads\\\/2022\\\/12\\\/AdobeStock_250882224-scaled.jpeg\",\"articleSection\":[\"Startseite\",\"Unkategorisiert\"],\"inLanguage\":\"de\"},{\"@type\":\"WebPage\",\"@id\":\"https:\\\/\\\/www.consultingcheck.com\\\/de\\\/suffizienz-als-mittel-zur-resilienz\\\/\",\"url\":\"https:\\\/\\\/www.consultingcheck.com\\\/de\\\/suffizienz-als-mittel-zur-resilienz\\\/\",\"name\":\"Suffizienz als Mittel zur Resilienz? - consultingcheck\",\"isPartOf\":{\"@id\":\"https:\\\/\\\/www.consultingcheck.com\\\/de\\\/#website\"},\"primaryImageOfPage\":{\"@id\":\"https:\\\/\\\/www.consultingcheck.com\\\/de\\\/suffizienz-als-mittel-zur-resilienz\\\/#primaryimage\"},\"image\":{\"@id\":\"https:\\\/\\\/www.consultingcheck.com\\\/de\\\/suffizienz-als-mittel-zur-resilienz\\\/#primaryimage\"},\"thumbnailUrl\":\"https:\\\/\\\/www.consultingcheck.com\\\/wp-content\\\/uploads\\\/2022\\\/12\\\/AdobeStock_250882224-scaled.jpeg\",\"datePublished\":\"2022-12-06T11:53:14+00:00\",\"dateModified\":\"2022-12-06T12:05:23+00:00\",\"author\":{\"@id\":\"https:\\\/\\\/www.consultingcheck.com\\\/de\\\/#\\\/schema\\\/person\\\/c36cd4c9eb006697f7bf6df21b5167e7\"},\"breadcrumb\":{\"@id\":\"https:\\\/\\\/www.consultingcheck.com\\\/de\\\/suffizienz-als-mittel-zur-resilienz\\\/#breadcrumb\"},\"inLanguage\":\"de\",\"potentialAction\":[{\"@type\":\"ReadAction\",\"target\":[\"https:\\\/\\\/www.consultingcheck.com\\\/de\\\/suffizienz-als-mittel-zur-resilienz\\\/\"]}]},{\"@type\":\"ImageObject\",\"inLanguage\":\"de\",\"@id\":\"https:\\\/\\\/www.consultingcheck.com\\\/de\\\/suffizienz-als-mittel-zur-resilienz\\\/#primaryimage\",\"url\":\"https:\\\/\\\/www.consultingcheck.com\\\/wp-content\\\/uploads\\\/2022\\\/12\\\/AdobeStock_250882224-scaled.jpeg\",\"contentUrl\":\"https:\\\/\\\/www.consultingcheck.com\\\/wp-content\\\/uploads\\\/2022\\\/12\\\/AdobeStock_250882224-scaled.jpeg\",\"width\":6720,\"height\":4480,\"caption\":\"A closeup of a businessman holding a system of wireless connections with human figure models inside. The concept of management and human resources.\"},{\"@type\":\"BreadcrumbList\",\"@id\":\"https:\\\/\\\/www.consultingcheck.com\\\/de\\\/suffizienz-als-mittel-zur-resilienz\\\/#breadcrumb\",\"itemListElement\":[{\"@type\":\"ListItem\",\"position\":1,\"name\":\"Startseite\",\"item\":\"https:\\\/\\\/www.consultingcheck.com\\\/de\\\/\"},{\"@type\":\"ListItem\",\"position\":2,\"name\":\"Suffizienz als Mittel zur Resilienz?\"}]},{\"@type\":\"WebSite\",\"@id\":\"https:\\\/\\\/www.consultingcheck.com\\\/de\\\/#website\",\"url\":\"https:\\\/\\\/www.consultingcheck.com\\\/de\\\/\",\"name\":\"consultingcheck\",\"description\":\"Vernetzt gedacht. Entzaubert. Hands-on.\",\"potentialAction\":[{\"@type\":\"SearchAction\",\"target\":{\"@type\":\"EntryPoint\",\"urlTemplate\":\"https:\\\/\\\/www.consultingcheck.com\\\/de\\\/?s={search_term_string}\"},\"query-input\":{\"@type\":\"PropertyValueSpecification\",\"valueRequired\":true,\"valueName\":\"search_term_string\"}}],\"inLanguage\":\"de\"},{\"@type\":\"Person\",\"@id\":\"https:\\\/\\\/www.consultingcheck.com\\\/de\\\/#\\\/schema\\\/person\\\/c36cd4c9eb006697f7bf6df21b5167e7\",\"name\":\"Werner Boysen\"}]}<\/script>\n<!-- \/ Yoast SEO plugin. -->","yoast_head_json":{"title":"Suffizienz als Mittel zur Resilienz? - consultingcheck","robots":{"index":"index","follow":"follow","max-snippet":"max-snippet:-1","max-image-preview":"max-image-preview:large","max-video-preview":"max-video-preview:-1"},"canonical":"https:\/\/www.consultingcheck.com\/de\/suffizienz-als-mittel-zur-resilienz\/","og_locale":"de_DE","og_type":"article","og_title":"Suffizienz als Mittel zur Resilienz? - consultingcheck","og_description":"Nach den Corona-Wirren, die bislang unvorstellbare Lieferkettenengp\u00e4sse und massive Preissteigerungen f\u00fcr Vormaterialien mit sich brachten, versch\u00e4rfen nun eine unerwartete Energieverknappung und -verteuerung und eine sich abzeichnende Zur\u00fcckhaltung der Investitions- und Konsumneigung die wirtschaftliche Lage von Unternehmen und Haushalten &#8211; als wenn die angespannte Situation auf dem Arbeitsmarkt nicht schon belastend genug w\u00e4re. Das Bewusstsein f\u00fcr ...","og_url":"https:\/\/www.consultingcheck.com\/de\/suffizienz-als-mittel-zur-resilienz\/","og_site_name":"consultingcheck","article_published_time":"2022-12-06T11:53:14+00:00","article_modified_time":"2022-12-06T12:05:23+00:00","og_image":[{"width":2560,"height":1707,"url":"https:\/\/www.consultingcheck.com\/wp-content\/uploads\/2022\/12\/AdobeStock_250882224-scaled.jpeg","type":"image\/jpeg"}],"author":"Werner Boysen","twitter_card":"summary_large_image","twitter_misc":{"Geschrieben von":"Werner Boysen","Gesch\u00e4tzte Lesezeit":"2\u00a0Minuten"},"schema":{"@context":"https:\/\/schema.org","@graph":[{"@type":"Article","@id":"https:\/\/www.consultingcheck.com\/de\/suffizienz-als-mittel-zur-resilienz\/#article","isPartOf":{"@id":"https:\/\/www.consultingcheck.com\/de\/suffizienz-als-mittel-zur-resilienz\/"},"author":{"name":"Werner Boysen","@id":"https:\/\/www.consultingcheck.com\/de\/#\/schema\/person\/c36cd4c9eb006697f7bf6df21b5167e7"},"headline":"Suffizienz als Mittel zur Resilienz?","datePublished":"2022-12-06T11:53:14+00:00","dateModified":"2022-12-06T12:05:23+00:00","mainEntityOfPage":{"@id":"https:\/\/www.consultingcheck.com\/de\/suffizienz-als-mittel-zur-resilienz\/"},"wordCount":252,"image":{"@id":"https:\/\/www.consultingcheck.com\/de\/suffizienz-als-mittel-zur-resilienz\/#primaryimage"},"thumbnailUrl":"https:\/\/www.consultingcheck.com\/wp-content\/uploads\/2022\/12\/AdobeStock_250882224-scaled.jpeg","articleSection":["Startseite","Unkategorisiert"],"inLanguage":"de"},{"@type":"WebPage","@id":"https:\/\/www.consultingcheck.com\/de\/suffizienz-als-mittel-zur-resilienz\/","url":"https:\/\/www.consultingcheck.com\/de\/suffizienz-als-mittel-zur-resilienz\/","name":"Suffizienz als Mittel zur Resilienz? - consultingcheck","isPartOf":{"@id":"https:\/\/www.consultingcheck.com\/de\/#website"},"primaryImageOfPage":{"@id":"https:\/\/www.consultingcheck.com\/de\/suffizienz-als-mittel-zur-resilienz\/#primaryimage"},"image":{"@id":"https:\/\/www.consultingcheck.com\/de\/suffizienz-als-mittel-zur-resilienz\/#primaryimage"},"thumbnailUrl":"https:\/\/www.consultingcheck.com\/wp-content\/uploads\/2022\/12\/AdobeStock_250882224-scaled.jpeg","datePublished":"2022-12-06T11:53:14+00:00","dateModified":"2022-12-06T12:05:23+00:00","author":{"@id":"https:\/\/www.consultingcheck.com\/de\/#\/schema\/person\/c36cd4c9eb006697f7bf6df21b5167e7"},"breadcrumb":{"@id":"https:\/\/www.consultingcheck.com\/de\/suffizienz-als-mittel-zur-resilienz\/#breadcrumb"},"inLanguage":"de","potentialAction":[{"@type":"ReadAction","target":["https:\/\/www.consultingcheck.com\/de\/suffizienz-als-mittel-zur-resilienz\/"]}]},{"@type":"ImageObject","inLanguage":"de","@id":"https:\/\/www.consultingcheck.com\/de\/suffizienz-als-mittel-zur-resilienz\/#primaryimage","url":"https:\/\/www.consultingcheck.com\/wp-content\/uploads\/2022\/12\/AdobeStock_250882224-scaled.jpeg","contentUrl":"https:\/\/www.consultingcheck.com\/wp-content\/uploads\/2022\/12\/AdobeStock_250882224-scaled.jpeg","width":6720,"height":4480,"caption":"A closeup of a businessman holding a system of wireless connections with human figure models inside. The concept of management and human resources."},{"@type":"BreadcrumbList","@id":"https:\/\/www.consultingcheck.com\/de\/suffizienz-als-mittel-zur-resilienz\/#breadcrumb","itemListElement":[{"@type":"ListItem","position":1,"name":"Startseite","item":"https:\/\/www.consultingcheck.com\/de\/"},{"@type":"ListItem","position":2,"name":"Suffizienz als Mittel zur Resilienz?"}]},{"@type":"WebSite","@id":"https:\/\/www.consultingcheck.com\/de\/#website","url":"https:\/\/www.consultingcheck.com\/de\/","name":"consultingcheck","description":"Vernetzt gedacht. Entzaubert. Hands-on.","potentialAction":[{"@type":"SearchAction","target":{"@type":"EntryPoint","urlTemplate":"https:\/\/www.consultingcheck.com\/de\/?s={search_term_string}"},"query-input":{"@type":"PropertyValueSpecification","valueRequired":true,"valueName":"search_term_string"}}],"inLanguage":"de"},{"@type":"Person","@id":"https:\/\/www.consultingcheck.com\/de\/#\/schema\/person\/c36cd4c9eb006697f7bf6df21b5167e7","name":"Werner Boysen"}]}},"_links":{"self":[{"href":"https:\/\/www.consultingcheck.com\/de\/wp-json\/wp\/v2\/posts\/12352","targetHints":{"allow":["GET"]}}],"collection":[{"href":"https:\/\/www.consultingcheck.com\/de\/wp-json\/wp\/v2\/posts"}],"about":[{"href":"https:\/\/www.consultingcheck.com\/de\/wp-json\/wp\/v2\/types\/post"}],"author":[{"embeddable":true,"href":"https:\/\/www.consultingcheck.com\/de\/wp-json\/wp\/v2\/users\/2"}],"replies":[{"embeddable":true,"href":"https:\/\/www.consultingcheck.com\/de\/wp-json\/wp\/v2\/comments?post=12352"}],"version-history":[{"count":5,"href":"https:\/\/www.consultingcheck.com\/de\/wp-json\/wp\/v2\/posts\/12352\/revisions"}],"predecessor-version":[{"id":12371,"href":"https:\/\/www.consultingcheck.com\/de\/wp-json\/wp\/v2\/posts\/12352\/revisions\/12371"}],"wp:featuredmedia":[{"embeddable":true,"href":"https:\/\/www.consultingcheck.com\/de\/wp-json\/wp\/v2\/media\/12354"}],"wp:attachment":[{"href":"https:\/\/www.consultingcheck.com\/de\/wp-json\/wp\/v2\/media?parent=12352"}],"wp:term":[{"taxonomy":"category","embeddable":true,"href":"https:\/\/www.consultingcheck.com\/de\/wp-json\/wp\/v2\/categories?post=12352"},{"taxonomy":"post_tag","embeddable":true,"href":"https:\/\/www.consultingcheck.com\/de\/wp-json\/wp\/v2\/tags?post=12352"}],"curies":[{"name":"wp","href":"https:\/\/api.w.org\/{rel}","templated":true}]}}